{"id":18151,"date":"2021-01-22T11:40:00","date_gmt":"2021-01-22T16:40:00","guid":{"rendered":"https:\/\/macca.com.co\/?p=18151"},"modified":"2026-03-02T17:16:13","modified_gmt":"2026-03-02T22:16:13","slug":"consumo-reinventa-modelo-negocio","status":"publish","type":"post","link":"https:\/\/macca.com.co\/fr\/negocios-inversion\/consumo-reinventa-modelo-negocio\/","title":{"rendered":"Consumo r\u00e9invente son mod\u00e8le \u00e9conomique"},"content":{"rendered":"<p>Aujourd'hui, le journal el COLOMBIANO de Medell\u00edn a publi\u00e9 un article d\u00e9taillant la situation de la coop\u00e9rative CONSUMO, ses mouvements futurs et son alliance avec MACCA Desarrollo Inmobiliario et l'entreprise de construction Hitos Urbanos.<\/p>\n\n\n\n<figure class=\"wp-block-image size-large\"><img fetchpriority=\"high\" decoding=\"async\" width=\"670\" height=\"1024\" src=\"https:\/\/macca.com.co\/wp-content\/uploads\/2021\/01\/64d3a1_7010efd4fa82437f97c7676674b104e1_mv2-670x1024.jpg\" alt=\"\" class=\"wp-image-18154\" title=\"\" srcset=\"https:\/\/macca.com.co\/wp-content\/uploads\/2021\/01\/64d3a1_7010efd4fa82437f97c7676674b104e1_mv2-670x1024.jpg 670w, https:\/\/macca.com.co\/wp-content\/uploads\/2021\/01\/64d3a1_7010efd4fa82437f97c7676674b104e1_mv2-196x300.jpg 196w, https:\/\/macca.com.co\/wp-content\/uploads\/2021\/01\/64d3a1_7010efd4fa82437f97c7676674b104e1_mv2-768x1174.jpg 768w, https:\/\/macca.com.co\/wp-content\/uploads\/2021\/01\/64d3a1_7010efd4fa82437f97c7676674b104e1_mv2-393x600.jpg 393w, https:\/\/macca.com.co\/wp-content\/uploads\/2021\/01\/64d3a1_7010efd4fa82437f97c7676674b104e1_mv2-496x758.jpg 496w, https:\/\/macca.com.co\/wp-content\/uploads\/2021\/01\/64d3a1_7010efd4fa82437f97c7676674b104e1_mv2.jpg 1000w\" sizes=\"(max-width: 670px) 100vw, 670px\" \/><\/figure>\n\n\n\n<p id=\"viewer-73p9d\">Sous le titre \"<em>Consumo met fin \u00e0 son alliance avec Merkepaisa : Cooperativa Consumo reprend le contr\u00f4le de sept magasins<\/em>\"Johan Chiquiza Nonsoque, l'auteur de l'article, donne une vision neutre de la situation actuelle de la coop\u00e9rative de consommateurs et de ses projets d'avenir.<\/p>\n\n\n\n<p id=\"viewer-4t35a\">Johan explique que bien que... \"l'ann\u00e9e derni\u00e8re, les points de vente n'ont g\u00e9n\u00e9r\u00e9 pour l'entreprise que des revenus provenant de concessions et de baux, en raison d'une alliance commerciale avec Merkepaisa\",... \"cette ann\u00e9e, nous assumerons l'exploitation autonome de sept points de vente : Bel\u00e9n, Envigado, Floresta, Laureles, Pedregal, San Joaqu\u00edn et La Am\u00e9rica\".<\/p>\n\n\n\n<p id=\"viewer-8fsed\">En outre, l'auteur \u00e9crit : \"Parmi les projets de la Cooperativa Consumo pour cette ann\u00e9e, de nouvelles propositions doivent \u00eatre int\u00e9gr\u00e9es, en commen\u00e7ant par le si\u00e8ge de La Am\u00e9rica. Des logements et des bureaux y seront construits, dans le but de <em>commerce de d\u00e9tail<\/em> d\u00e9j\u00e0 existant en tant qu'ancrage. Ce processus serait ensuite r\u00e9alis\u00e9 sur le site de Bel\u00e9n, et la possibilit\u00e9 de modifier le troisi\u00e8me point sur le site d'Envigado est \u00e0 l'\u00e9tude. Cette op\u00e9ration sera r\u00e9alis\u00e9e en collaboration avec Macca et Hitos Urbanos\".<\/p>\n\n\n\n<figure class=\"wp-block-image size-large\"><img decoding=\"async\" width=\"1024\" height=\"753\" src=\"https:\/\/macca.com.co\/wp-content\/uploads\/2021\/01\/64d3a1_0895907a162a432e9f0c00f66066ea20_mv2-1024x753.jpg\" alt=\"\" class=\"wp-image-18155\" title=\"\" srcset=\"https:\/\/macca.com.co\/wp-content\/uploads\/2021\/01\/64d3a1_0895907a162a432e9f0c00f66066ea20_mv2-1024x753.jpg 1024w, https:\/\/macca.com.co\/wp-content\/uploads\/2021\/01\/64d3a1_0895907a162a432e9f0c00f66066ea20_mv2-300x221.jpg 300w, https:\/\/macca.com.co\/wp-content\/uploads\/2021\/01\/64d3a1_0895907a162a432e9f0c00f66066ea20_mv2-768x565.jpg 768w, https:\/\/macca.com.co\/wp-content\/uploads\/2021\/01\/64d3a1_0895907a162a432e9f0c00f66066ea20_mv2-816x600.jpg 816w, https:\/\/macca.com.co\/wp-content\/uploads\/2021\/01\/64d3a1_0895907a162a432e9f0c00f66066ea20_mv2-496x365.jpg 496w, https:\/\/macca.com.co\/wp-content\/uploads\/2021\/01\/64d3a1_0895907a162a432e9f0c00f66066ea20_mv2.jpg 1142w\" sizes=\"(max-width: 1024px) 100vw, 1024px\" \/><\/figure>\n\n\n\n<blockquote class=\"wp-block-quote is-layout-flow wp-block-quote-is-layout-flow\" id=\"viewer-357hq\"><p>Des finances saines : Hernando Loaiza Gallego, directeur administratif et financier de Consumo, a soulign\u00e9 que la structure financi\u00e8re de la coop\u00e9rative \u00e9tait saine pour r\u00e9aliser ce type d'investissement.<\/p><\/blockquote>\n\n\n\n<h5 class=\"wp-block-heading\" id=\"viewer-6jivl\">Rappelons que l'actif, calcul\u00e9 \u00e0 53 704 millions \u00e0 fin 2019, a pr\u00e9sent\u00e9 une croissance de 0,51 % par rapport \u00e0 2018. En revanche, le passif a connu une augmentation de 4,85 % et a atteint 11 835 millions, pour les raisons \u00e9voqu\u00e9es par l'ex\u00e9cutif. Les capitaux propres ont connu une variation de -0,65 % sur la m\u00eame p\u00e9riode, les portant \u00e0 41 869 millions.<\/h5>\n\n\n\n<figure class=\"wp-block-image size-large\"><img decoding=\"async\" width=\"1000\" height=\"1000\" src=\"https:\/\/macca.com.co\/wp-content\/uploads\/2021\/01\/64d3a1_36b0af4b8b824701a435eee45afdb8dd_mv2.jpg\" alt=\"\" class=\"wp-image-18156\" title=\"\" srcset=\"https:\/\/macca.com.co\/wp-content\/uploads\/2021\/01\/64d3a1_36b0af4b8b824701a435eee45afdb8dd_mv2.jpg 1000w, https:\/\/macca.com.co\/wp-content\/uploads\/2021\/01\/64d3a1_36b0af4b8b824701a435eee45afdb8dd_mv2-300x300.jpg 300w, https:\/\/macca.com.co\/wp-content\/uploads\/2021\/01\/64d3a1_36b0af4b8b824701a435eee45afdb8dd_mv2-150x150.jpg 150w, https:\/\/macca.com.co\/wp-content\/uploads\/2021\/01\/64d3a1_36b0af4b8b824701a435eee45afdb8dd_mv2-768x768.jpg 768w, https:\/\/macca.com.co\/wp-content\/uploads\/2021\/01\/64d3a1_36b0af4b8b824701a435eee45afdb8dd_mv2-600x600.jpg 600w, https:\/\/macca.com.co\/wp-content\/uploads\/2021\/01\/64d3a1_36b0af4b8b824701a435eee45afdb8dd_mv2-496x496.jpg 496w\" sizes=\"(max-width: 1000px) 100vw, 1000px\" \/><\/figure>\n\n\n\n<p id=\"viewer-3ph46\">Dans les mois \u00e0 venir, l'\u00e9quipe de professionnels d\u00e9voilera plus de d\u00e9tails sur la planification, la conception et l'ex\u00e9cution des projets, ainsi que toutes les informations commerciales pour ceux qui souhaitent investir et participer \u00e0 ces projets.<\/p>\n\n\n\n<h5 class=\"wp-block-heading\" id=\"viewer-3onb0\"><\/h5>\n\n\n\n<h5 class=\"wp-block-heading\" id=\"viewer-8tcvd\">Si vous voulez voir l'article complet d'el COLOMBIANO <a href=\"https:\/\/www.elcolombiano.com\/negocios\/empresas\/cooperativa-consumo-retoma-el-control-de-siete-establecimientos-CF12356994\" target=\"_blank\" rel=\"noreferrer noopener\"><u>cliquez ici<\/u><\/a>.<\/h5>","protected":false},"excerpt":{"rendered":"<p>El d\u00eda de hoy, el peri\u00f3dico el COLOMBIANO de Medell\u00edn public\u00f3 una noticia donde detalla la situaci\u00f3n de la cooperativa CONSUMO, sus movimientos a futuro y su alianza con MACCA Desarrollo Inmobiliario y la constructora Hitos Urbanos. Bajo el t\u00edtulo &#8220;Consumo acaba alianza con Merkepaisa: Cooperativa Consumo retoma el control de siete establecimientos&#8220;, Johan Chiquiza [&hellip;]<\/p>\n","protected":false},"author":1,"featured_media":18154,"comment_status":"closed","ping_status":"open","sticky":false,"template":"","format":"standard","meta":{"footnotes":""},"categories":[15,12],"tags":[],"class_list":["post-18151","post","type-post","status-publish","format-standard","has-post-thumbnail","hentry","category-inmobiliaria","category-negocios-inversion"],"_links":{"self":[{"href":"https:\/\/macca.com.co\/fr\/wp-json\/wp\/v2\/posts\/18151","targetHints":{"allow":["GET"]}}],"collection":[{"href":"https:\/\/macca.com.co\/fr\/wp-json\/wp\/v2\/posts"}],"about":[{"href":"https:\/\/macca.com.co\/fr\/wp-json\/wp\/v2\/types\/post"}],"author":[{"embeddable":true,"href":"https:\/\/macca.com.co\/fr\/wp-json\/wp\/v2\/users\/1"}],"replies":[{"embeddable":true,"href":"https:\/\/macca.com.co\/fr\/wp-json\/wp\/v2\/comments?post=18151"}],"version-history":[{"count":4,"href":"https:\/\/macca.com.co\/fr\/wp-json\/wp\/v2\/posts\/18151\/revisions"}],"predecessor-version":[{"id":18158,"href":"https:\/\/macca.com.co\/fr\/wp-json\/wp\/v2\/posts\/18151\/revisions\/18158"}],"wp:featuredmedia":[{"embeddable":true,"href":"https:\/\/macca.com.co\/fr\/wp-json\/wp\/v2\/media\/18154"}],"wp:attachment":[{"href":"https:\/\/macca.com.co\/fr\/wp-json\/wp\/v2\/media?parent=18151"}],"wp:term":[{"taxonomy":"category","embeddable":true,"href":"https:\/\/macca.com.co\/fr\/wp-json\/wp\/v2\/categories?post=18151"},{"taxonomy":"post_tag","embeddable":true,"href":"https:\/\/macca.com.co\/fr\/wp-json\/wp\/v2\/tags?post=18151"}],"curies":[{"name":"wp","href":"https:\/\/api.w.org\/{rel}","templated":true}]}}